{"id":5410,"date":"2022-09-09T06:01:00","date_gmt":"2022-09-09T06:01:00","guid":{"rendered":"https:\/\/lifeinfusion.eu\/?p=5410"},"modified":"2022-10-26T10:17:44","modified_gmt":"2022-10-26T10:17:44","slug":"dia-mundial-de-la-agricultura","status":"publish","type":"post","link":"https:\/\/lifeinfusion.eu\/es\/dia-mundial-de-la-agricultura\/","title":{"rendered":"D\u00eda Mundial de la Agricultura"},"content":{"rendered":"<\/p>\n\n<style type=\"text\/css\" data-created_by=\"avia_inline_auto\" id=\"style-css-av-3v1dsv-6ccd9453c8e6ab041a24f6c95a368705\">\n.avia-section.av-3v1dsv-6ccd9453c8e6ab041a24f6c95a368705{\nbackground-color:#878787;\nbackground-image:url(https:\/\/lifeinfusion.eu\/wp-content\/uploads\/2021\/07\/BACK-copia.png);\nbackground-repeat:no-repeat;\nbackground-position:50% 50%;\nbackground-attachment:scroll;\n}\n.avia-section.av-3v1dsv-6ccd9453c8e6ab041a24f6c95a368705 .av-extra-border-element .av-extra-border-inner{\nbackground-color:#878787;\n}\n<\/style>\n<div id='av_section_1'  class='avia-section av-3v1dsv-6ccd9453c8e6ab041a24f6c95a368705 main_color avia-section-default avia-no-border-styling  avia-builder-el-0  el_before_av_image  avia-builder-el-first  avia-full-stretch avia-bg-style-scroll av-arrow-down-section av-minimum-height av-minimum-height-custom av-height-custom  container_wrap sidebar_right'  data-section-bg-repeat='stretch' data-av_minimum_height_px='430'><div class='container av-section-cont-open' style='height:430px'><main  role=\"main\" itemprop=\"mainContentOfPage\"  class='template-page content  av-content-small alpha units'><div class='post-entry post-entry-type-page post-entry-5410'><div class='entry-content-wrapper clearfix'>\n\n<style type=\"text\/css\" data-created_by=\"avia_inline_auto\" id=\"style-css-av-krn9dd8s-570c26e54fbb88a3c4ef220a990dda16\">\n#top .av-special-heading.av-krn9dd8s-570c26e54fbb88a3c4ef220a990dda16{\npadding-bottom:40px;\ncolor:#ffffff;\nfont-size:72px;\n}\nbody .av-special-heading.av-krn9dd8s-570c26e54fbb88a3c4ef220a990dda16 .av-special-heading-tag .heading-char{\nfont-size:25px;\n}\n#top #wrap_all .av-special-heading.av-krn9dd8s-570c26e54fbb88a3c4ef220a990dda16 .av-special-heading-tag{\nfont-size:72px;\n}\n.av-special-heading.av-krn9dd8s-570c26e54fbb88a3c4ef220a990dda16 .special-heading-inner-border{\nborder-color:#ffffff;\n}\n.av-special-heading.av-krn9dd8s-570c26e54fbb88a3c4ef220a990dda16 .av-subheading{\nfont-size:20px;\n}\n\n@media only screen and (min-width: 480px) and (max-width: 767px){ \n#top #wrap_all .av-special-heading.av-krn9dd8s-570c26e54fbb88a3c4ef220a990dda16 .av-special-heading-tag{\nfont-size:0.8em;\n}\n}\n\n@media only screen and (max-width: 479px){ \n#top #wrap_all .av-special-heading.av-krn9dd8s-570c26e54fbb88a3c4ef220a990dda16 .av-special-heading-tag{\nfont-size:0.8em;\n}\n}\n<\/style>\n<div  class='av-special-heading av-krn9dd8s-570c26e54fbb88a3c4ef220a990dda16 av-special-heading-h2 custom-color-heading blockquote modern-quote  avia-builder-el-1  avia-builder-el-no-sibling  av-inherit-size'><h2 class='av-special-heading-tag '  itemprop=\"headline\"  >D\u00eda Mundial de la Agricultura<\/h2><div class=\"special-heading-border\"><div class=\"special-heading-inner-border\"><\/div><\/div><\/div>\n<\/div><\/div><\/main><!-- close content main element --><\/div><div class='av-extra-border-element border-extra-arrow-down'><div class='av-extra-border-outer'><div class='av-extra-border-inner'><\/div><\/div><\/div><\/div><div id='after_section_1'  class='main_color av_default_container_wrap container_wrap sidebar_right'  ><div class='container av-section-cont-open' ><div class='template-page content  av-content-small alpha units'><div class='post-entry post-entry-type-page post-entry-5410'><div class='entry-content-wrapper clearfix'>\n\n<style type=\"text\/css\" data-created_by=\"avia_inline_auto\" id=\"style-css-av-krn9eoqr-0e66a4d70a4d69466002a43188235801\">\n.avia-image-container.av-krn9eoqr-0e66a4d70a4d69466002a43188235801 img.avia_image{\nbox-shadow:none;\n}\n.avia-image-container.av-krn9eoqr-0e66a4d70a4d69466002a43188235801 .av-image-caption-overlay-center{\ncolor:#ffffff;\n}\n<\/style>\n<div  class='avia-image-container av-krn9eoqr-0e66a4d70a4d69466002a43188235801 av-styling- avia_animated_image av-animated-when-visible-95 fade-in avia-align-center  avia-builder-el-2  el_after_av_section  el_before_av_textblock  avia-builder-el-first '   itemprop=\"image\" itemscope=\"itemscope\" itemtype=\"https:\/\/schema.org\/ImageObject\" ><div class=\"avia-image-container-inner\"><div class=\"avia-image-overlay-wrap\"><img decoding=\"async\" fetchpriority=\"high\" class='wp-image-5418 avia-img-lazy-loading-not-5418 avia_image ' src=\"https:\/\/lifeinfusion.eu\/wp-content\/uploads\/2022\/09\/Agriculture.png\" alt='Installation of some equipment of LIFE INFUSION' title='Agricultura'  height=\"296\" width=\"477\"  itemprop=\"thumbnailUrl\" srcset=\"https:\/\/lifeinfusion.eu\/wp-content\/uploads\/2022\/09\/Agriculture.png 477w, https:\/\/lifeinfusion.eu\/wp-content\/uploads\/2022\/09\/Agriculture-300x186.png 300w\" sizes=\"(max-width: 477px) 100vw, 477px\" \/><\/div><\/div><\/div>\n\n<style type=\"text\/css\" data-created_by=\"avia_inline_auto\" id=\"style-css-av-krn9fa6s-f03358955a6ff5c175ff2518b1a82d8b\">\n#top .av_textblock_section.av-krn9fa6s-f03358955a6ff5c175ff2518b1a82d8b .avia_textblock{\nfont-size:16px;\n}\n<\/style>\n<section  class='av_textblock_section av-krn9fa6s-f03358955a6ff5c175ff2518b1a82d8b '   itemscope=\"itemscope\" itemtype=\"https:\/\/schema.org\/BlogPosting\" itemprop=\"blogPost\" ><div class='avia_textblock'  itemprop=\"text\" ><p>Hoy, 9 de septiembre, es el D\u00eda Mundial de la Agricultura. Esta fecha es importante para reconocer la ardua labor de quienes dedican grandes esfuerzos para producir nuestros alimentos d\u00eda a d\u00eda. En Europa, alrededor del 40% del suelo se dedica a la agricultura y, a partir del crecimiento demogr\u00e1fico esperado, la producci\u00f3n de alimentos deber\u00e1 duplicarse para 2050.<\/p>\n<p>En la Uni\u00f3n Europea existe una clara voluntad de potenciar y proteger nuestra agricultura, asegurando la producci\u00f3n local de alimentos para ser menos dependiente de la producci\u00f3n exterior. As\u00ed se muestra desde 1962 en la <a href=\"https:\/\/agriculture.ec.europa.eu\/common-agricultural-policy\/cap-overview\/cap-glance_es\">Pol\u00edtica Agr\u00edcola Com\u00fan (PAC)<\/a>, cuyo objetivo es apoyar a los agricultores y mejorar la productividad agr\u00edcola, asegurando un suministro estable de alimentos asequibles y garantizando a los agricultores una buena calidad de vida.<\/p>\n<p>En el proyecto <strong>LIFE INFUSION<\/strong> queremos contribuir a una agricultura m\u00e1s sostenible desarrollando un sistema de tratamiento de los efluentes generados por el tratamiento de la materia org\u00e1nica procedente de los residuos s\u00f3lidos urbanos o en dep\u00f3sitos controlados. <a href=\"https:\/\/lifeinfusion.eu\/es\/el-proyect\/tecnolog\u00eda\/\">El sistema se basa en la combinaci\u00f3n de tecnolog\u00edas<\/a> de separaci\u00f3n biol\u00f3gica y f\u00edsico-qu\u00edmica altamente eficientes que producen productos de base biol\u00f3gica para ser utilizados en agricultura como fertilizantes y enmiendas del suelo.<\/p>\n<p>No olvides visitar el sitio web y las redes sociales del proyecto. Adem\u00e1s, recuerda <a href=\"https:\/\/lifeinfusion.eu\/es\/newsletters\/\">suscr\u00edbete al bolet\u00edn del proyecto<\/a> para estar al tanto de <a href=\"https:\/\/lifeinfusion.eu\/es\/el-proyecto\/timeline\/\">\u00a1las \u00faltimas actualizaciones!<\/a><\/p>\n<\/div><\/section>\n<div  class='av-social-sharing-box av-2xc8yn-59d9721ed3d629a8473cfa57fe3aadf2 av-social-sharing-box-default  avia-builder-el-4  el_after_av_textblock  avia-builder-el-last  av-social-sharing-box-fullwidth'><div class=\"av-share-box\"><h5 class='av-share-link-description av-no-toc '>COMPARTE<\/h5><ul class=\"av-share-box-list noLightbox\"><li class='av-share-link av-social-link-facebook avia_social_iconfont' ><a target=\"_blank\" aria-label=\"Compartir en Facebook\" href='https:\/\/www.facebook.com\/sharer.php?u=https:\/\/lifeinfusion.eu\/es\/dia-mundial-de-la-agricultura\/&#038;t=D%C3%ADa%20Mundial%20de%20la%20Agricultura' data-av_icon='\ue8f3' data-av_iconfont='entypo-fontello'  title='' data-avia-related-tooltip='Compartir en Facebook'><span class='avia_hidden_link_text'>Compartir en Facebook<\/span><\/a><\/li><li class='av-share-link av-social-link-twitter avia_social_iconfont' ><a target=\"_blank\" aria-label=\"Compartir en X\" href='https:\/\/twitter.com\/share?text=D%C3%ADa%20Mundial%20de%20la%20Agricultura&#038;url=https:\/\/lifeinfusion.eu\/es\/?p=5410' data-av_icon='\ue932' data-av_iconfont='entypo-fontello'  title='' data-avia-related-tooltip='Compartir en X'><span class='avia_hidden_link_text'>Compartir en X<\/span><\/a><\/li><li class='av-share-link av-social-link-whatsapp avia_social_iconfont' ><a target=\"_blank\" aria-label=\"Compartir en WhatsApp\" href='https:\/\/api.whatsapp.com\/send?text=https:\/\/lifeinfusion.eu\/es\/dia-mundial-de-la-agricultura\/' data-av_icon='\uf232' data-av_iconfont='entypo-fontello'  title='' data-avia-related-tooltip='Compartir en WhatsApp'><span class='avia_hidden_link_text'>Compartir en WhatsApp<\/span><\/a><\/li><li class='av-share-link av-social-link-pinterest avia_social_iconfont' ><a target=\"_blank\" aria-label=\"Compartir en Pinterest\" href='https:\/\/pinterest.com\/pin\/create\/button\/?url=https%3A%2F%2Flifeinfusion.eu%2Fes%2Fdia-mundial-de-la-agricultura%2F&#038;description=D%C3%ADa%20Mundial%20de%20la%20Agricultura&#038;media=https%3A%2F%2Flifeinfusion.eu%2Fwp-content%2Fuploads%2F2022%2F09%2FAgriculture.png' data-av_icon='\ue8f8' data-av_iconfont='entypo-fontello'  title='' data-avia-related-tooltip='Compartir en Pinterest'><span class='avia_hidden_link_text'>Compartir en Pinterest<\/span><\/a><\/li><li class='av-share-link av-social-link-linkedin avia_social_iconfont' ><a target=\"_blank\" aria-label=\"Compartir en LinkedIn\" href='https:\/\/linkedin.com\/shareArticle?mini=true&#038;title=D%C3%ADa%20Mundial%20de%20la%20Agricultura&#038;url=https:\/\/lifeinfusion.eu\/es\/dia-mundial-de-la-agricultura\/' data-av_icon='\ue8fc' data-av_iconfont='entypo-fontello'  title='' data-avia-related-tooltip='Compartir en LinkedIn'><span class='avia_hidden_link_text'>Compartir en LinkedIn<\/span><\/a><\/li><li class='av-share-link av-social-link-tumblr avia_social_iconfont' ><a target=\"_blank\" aria-label=\"Compartir en Tumblr\" href='https:\/\/www.tumblr.com\/share\/link?url=https%3A%2F%2Flifeinfusion.eu%2Fes%2Fdia-mundial-de-la-agricultura%2F&#038;name=D%C3%ADa%20Mundial%20de%20la%20Agricultura&#038;description=' data-av_icon='\ue8fa' data-av_iconfont='entypo-fontello'  title='' data-avia-related-tooltip='Compartir en Tumblr'><span class='avia_hidden_link_text'>Compartir en Tumblr<\/span><\/a><\/li><li class='av-share-link av-social-link-reddit avia_social_iconfont' ><a target=\"_blank\" aria-label=\"Compartir en Reddit\" href='https:\/\/reddit.com\/submit?url=https:\/\/lifeinfusion.eu\/es\/dia-mundial-de-la-agricultura\/&#038;title=D%C3%ADa%20Mundial%20de%20la%20Agricultura' data-av_icon='\ue927' data-av_iconfont='entypo-fontello'  title='' data-avia-related-tooltip='Compartir en Reddit'><span class='avia_hidden_link_text'>Compartir en Reddit<\/span><\/a><\/li><li class='av-share-link av-social-link-mail avia_social_iconfont' ><a  aria-label=\"Compartir por correo\" href='mailto:?subject=D%C3%ADa%20Mundial%20de%20la%20Agricultura&#038;body=https:\/\/lifeinfusion.eu\/es\/dia-mundial-de-la-agricultura\/' data-av_icon='\ue805' data-av_iconfont='entypo-fontello'  title='' data-avia-related-tooltip='Compartir por correo'><span class='avia_hidden_link_text'>Compartir por correo<\/span><\/a><\/li><\/ul><\/div><\/div>\n","protected":false},"excerpt":{"rendered":"","protected":false},"author":4,"featured_media":5418,"comment_status":"open","ping_status":"closed","sticky":false,"template":"","format":"standard","meta":{"_monsterinsights_skip_tracking":false,"_monsterinsights_sitenote_active":false,"_monsterinsights_sitenote_note":"","_monsterinsights_sitenote_category":0,"footnotes":""},"categories":[43,88],"tags":[],"class_list":["post-5410","post","type-post","status-publish","format-standard","has-post-thumbnail","hentry","category-noticias","category-octubre-2022-es"],"yoast_head":"<!-- This site is optimized with the Yoast SEO plugin v27.3 - https:\/\/yoast.com\/product\/yoast-seo-wordpress\/ -->\n<title>D\u00eda Mundial de la Agricultura<\/title>\n<meta name=\"description\" content=\"Hoy, 9 de septiembre, es el D\u00eda Mundial de la Agricultura. En el proyecto LIFE INFUSION queremos contribuir a una agricultura m\u00e1s sostenible.\" \/>\n<meta name=\"robots\" content=\"index, follow, max-snippet:-1, max-image-preview:large, max-video-preview:-1\" \/>\n<link rel=\"canonical\" href=\"https:\/\/lifeinfusion.eu\/world-agriculture-day\/\" \/>\n<meta property=\"og:locale\" content=\"es_ES\" \/>\n<meta property=\"og:type\" content=\"article\" \/>\n<meta property=\"og:title\" content=\"Infusion D\u00eda Mundial de la Agricultura\" \/>\n<meta property=\"og:description\" content=\"Hoy, 9 de septiembre, es el D\u00eda Mundial de la Agricultura. En el proyecto LIFE INFUSION queremos contribuir a una agricultura m\u00e1s sostenible.\" \/>\n<meta property=\"og:url\" content=\"https:\/\/lifeinfusion.eu\/world-agriculture-day\/\" \/>\n<meta property=\"og:site_name\" content=\"Infusion\" \/>\n<meta property=\"article:published_time\" content=\"2022-09-09T06:01:00+00:00\" \/>\n<meta property=\"article:modified_time\" content=\"2022-10-26T10:17:44+00:00\" \/>\n<meta property=\"og:image\" content=\"https:\/\/lifeinfusion.eu\/wp-content\/uploads\/2022\/06\/LIFE-INFUSION-participates-in-CLEAN-UP-networking-days.jpg\" \/>\n\t<meta property=\"og:image:width\" content=\"1678\" \/>\n\t<meta property=\"og:image:height\" content=\"869\" \/>\n\t<meta property=\"og:image:type\" content=\"image\/jpeg\" \/>\n<meta name=\"author\" content=\"Carlos Albarrilla\" \/>\n<meta name=\"twitter:card\" content=\"summary_large_image\" \/>\n<meta name=\"twitter:title\" content=\"D\u00eda Mundial de la Agricultura Infusion\" \/>\n<meta name=\"twitter:image\" content=\"https:\/\/lifeinfusion.eu\/wp-content\/uploads\/2022\/06\/LIFE-INFUSION-participates-in-CLEAN-UP-networking-days.jpg\" \/>\n<meta name=\"twitter:label1\" content=\"Escrito por\" \/>\n\t<meta name=\"twitter:data1\" content=\"Carlos Albarrilla\" \/>\n\t<meta name=\"twitter:label2\" content=\"Tiempo de lectura\" \/>\n\t<meta name=\"twitter:data2\" content=\"2 minutos\" \/>\n<script type=\"application\/ld+json\" class=\"yoast-schema-graph\">{\"@context\":\"https:\\\/\\\/schema.org\",\"@graph\":[{\"@type\":\"Article\",\"@id\":\"https:\\\/\\\/lifeinfusion.eu\\\/world-agriculture-day\\\/#article\",\"isPartOf\":{\"@id\":\"https:\\\/\\\/lifeinfusion.eu\\\/world-agriculture-day\\\/\"},\"author\":{\"name\":\"Carlos Albarrilla\",\"@id\":\"https:\\\/\\\/lifeinfusion.eu\\\/#\\\/schema\\\/person\\\/02b974af33d8f252ed55ff52b73598e3\"},\"headline\":\"D\u00eda Mundial de la Agricultura\",\"datePublished\":\"2022-09-09T06:01:00+00:00\",\"dateModified\":\"2022-10-26T10:17:44+00:00\",\"mainEntityOfPage\":{\"@id\":\"https:\\\/\\\/lifeinfusion.eu\\\/world-agriculture-day\\\/\"},\"wordCount\":648,\"commentCount\":0,\"image\":{\"@id\":\"https:\\\/\\\/lifeinfusion.eu\\\/world-agriculture-day\\\/#primaryimage\"},\"thumbnailUrl\":\"https:\\\/\\\/lifeinfusion.eu\\\/wp-content\\\/uploads\\\/2022\\\/09\\\/Agriculture.png\",\"articleSection\":[\"Noticias\",\"Octubre 2022\"],\"inLanguage\":\"es\",\"potentialAction\":[{\"@type\":\"CommentAction\",\"name\":\"Comment\",\"target\":[\"https:\\\/\\\/lifeinfusion.eu\\\/world-agriculture-day\\\/#respond\"]}]},{\"@type\":\"WebPage\",\"@id\":\"https:\\\/\\\/lifeinfusion.eu\\\/world-agriculture-day\\\/\",\"url\":\"https:\\\/\\\/lifeinfusion.eu\\\/world-agriculture-day\\\/\",\"name\":\"D\u00eda Mundial de la Agricultura\",\"isPartOf\":{\"@id\":\"https:\\\/\\\/lifeinfusion.eu\\\/#website\"},\"primaryImageOfPage\":{\"@id\":\"https:\\\/\\\/lifeinfusion.eu\\\/world-agriculture-day\\\/#primaryimage\"},\"image\":{\"@id\":\"https:\\\/\\\/lifeinfusion.eu\\\/world-agriculture-day\\\/#primaryimage\"},\"thumbnailUrl\":\"https:\\\/\\\/lifeinfusion.eu\\\/wp-content\\\/uploads\\\/2022\\\/09\\\/Agriculture.png\",\"datePublished\":\"2022-09-09T06:01:00+00:00\",\"dateModified\":\"2022-10-26T10:17:44+00:00\",\"author\":{\"@id\":\"https:\\\/\\\/lifeinfusion.eu\\\/#\\\/schema\\\/person\\\/02b974af33d8f252ed55ff52b73598e3\"},\"description\":\"Hoy, 9 de septiembre, es el D\u00eda Mundial de la Agricultura. En el proyecto LIFE INFUSION queremos contribuir a una agricultura m\u00e1s sostenible.\",\"breadcrumb\":{\"@id\":\"https:\\\/\\\/lifeinfusion.eu\\\/world-agriculture-day\\\/#breadcrumb\"},\"inLanguage\":\"es\",\"potentialAction\":[{\"@type\":\"ReadAction\",\"target\":[\"https:\\\/\\\/lifeinfusion.eu\\\/world-agriculture-day\\\/\"]}]},{\"@type\":\"ImageObject\",\"inLanguage\":\"es\",\"@id\":\"https:\\\/\\\/lifeinfusion.eu\\\/world-agriculture-day\\\/#primaryimage\",\"url\":\"https:\\\/\\\/lifeinfusion.eu\\\/wp-content\\\/uploads\\\/2022\\\/09\\\/Agriculture.png\",\"contentUrl\":\"https:\\\/\\\/lifeinfusion.eu\\\/wp-content\\\/uploads\\\/2022\\\/09\\\/Agriculture.png\",\"width\":477,\"height\":296},{\"@type\":\"BreadcrumbList\",\"@id\":\"https:\\\/\\\/lifeinfusion.eu\\\/world-agriculture-day\\\/#breadcrumb\",\"itemListElement\":[{\"@type\":\"ListItem\",\"position\":1,\"name\":\"Home\",\"item\":\"https:\\\/\\\/lifeinfusion.eu\\\/sample-page-2\\\/\"},{\"@type\":\"ListItem\",\"position\":2,\"name\":\"D\u00eda Mundial de la Agricultura\"}]},{\"@type\":\"WebSite\",\"@id\":\"https:\\\/\\\/lifeinfusion.eu\\\/#website\",\"url\":\"https:\\\/\\\/lifeinfusion.eu\\\/\",\"name\":\"Infusion\",\"description\":\"Intensive treatment of waste effluents and conversion into useful sustainable outputs: biogas, nutrients and water\",\"potentialAction\":[{\"@type\":\"SearchAction\",\"target\":{\"@type\":\"EntryPoint\",\"urlTemplate\":\"https:\\\/\\\/lifeinfusion.eu\\\/?s={search_term_string}\"},\"query-input\":{\"@type\":\"PropertyValueSpecification\",\"valueRequired\":true,\"valueName\":\"search_term_string\"}}],\"inLanguage\":\"es\"},{\"@type\":\"Person\",\"@id\":\"https:\\\/\\\/lifeinfusion.eu\\\/#\\\/schema\\\/person\\\/02b974af33d8f252ed55ff52b73598e3\",\"name\":\"Carlos Albarrilla\",\"image\":{\"@type\":\"ImageObject\",\"inLanguage\":\"es\",\"@id\":\"https:\\\/\\\/secure.gravatar.com\\\/avatar\\\/af7c3764dc607159978e93d8fe8ebe1db99a60ea9cd0caf6ce447d2e6b3d5e8c?s=96&d=mm&r=g\",\"url\":\"https:\\\/\\\/secure.gravatar.com\\\/avatar\\\/af7c3764dc607159978e93d8fe8ebe1db99a60ea9cd0caf6ce447d2e6b3d5e8c?s=96&d=mm&r=g\",\"contentUrl\":\"https:\\\/\\\/secure.gravatar.com\\\/avatar\\\/af7c3764dc607159978e93d8fe8ebe1db99a60ea9cd0caf6ce447d2e6b3d5e8c?s=96&d=mm&r=g\",\"caption\":\"Carlos Albarrilla\"},\"url\":\"https:\\\/\\\/lifeinfusion.eu\\\/es\\\/author\\\/carlos\\\/\"}]}<\/script>\n<!-- \/ Yoast SEO plugin. -->","yoast_head_json":{"title":"D\u00eda Mundial de la Agricultura","description":"Hoy, 9 de septiembre, es el D\u00eda Mundial de la Agricultura. En el proyecto LIFE INFUSION queremos contribuir a una agricultura m\u00e1s sostenible.","robots":{"index":"index","follow":"follow","max-snippet":"max-snippet:-1","max-image-preview":"max-image-preview:large","max-video-preview":"max-video-preview:-1"},"canonical":"https:\/\/lifeinfusion.eu\/world-agriculture-day\/","og_locale":"es_ES","og_type":"article","og_title":"Infusion D\u00eda Mundial de la Agricultura","og_description":"Hoy, 9 de septiembre, es el D\u00eda Mundial de la Agricultura. En el proyecto LIFE INFUSION queremos contribuir a una agricultura m\u00e1s sostenible.","og_url":"https:\/\/lifeinfusion.eu\/world-agriculture-day\/","og_site_name":"Infusion","article_published_time":"2022-09-09T06:01:00+00:00","article_modified_time":"2022-10-26T10:17:44+00:00","og_image":[{"width":1678,"height":869,"url":"https:\/\/lifeinfusion.eu\/wp-content\/uploads\/2022\/06\/LIFE-INFUSION-participates-in-CLEAN-UP-networking-days.jpg","type":"image\/jpeg"}],"author":"Carlos Albarrilla","twitter_card":"summary_large_image","twitter_title":"D\u00eda Mundial de la Agricultura Infusion","twitter_image":"https:\/\/lifeinfusion.eu\/wp-content\/uploads\/2022\/06\/LIFE-INFUSION-participates-in-CLEAN-UP-networking-days.jpg","twitter_misc":{"Escrito por":"Carlos Albarrilla","Tiempo de lectura":"2 minutos"},"schema":{"@context":"https:\/\/schema.org","@graph":[{"@type":"Article","@id":"https:\/\/lifeinfusion.eu\/world-agriculture-day\/#article","isPartOf":{"@id":"https:\/\/lifeinfusion.eu\/world-agriculture-day\/"},"author":{"name":"Carlos Albarrilla","@id":"https:\/\/lifeinfusion.eu\/#\/schema\/person\/02b974af33d8f252ed55ff52b73598e3"},"headline":"D\u00eda Mundial de la Agricultura","datePublished":"2022-09-09T06:01:00+00:00","dateModified":"2022-10-26T10:17:44+00:00","mainEntityOfPage":{"@id":"https:\/\/lifeinfusion.eu\/world-agriculture-day\/"},"wordCount":648,"commentCount":0,"image":{"@id":"https:\/\/lifeinfusion.eu\/world-agriculture-day\/#primaryimage"},"thumbnailUrl":"https:\/\/lifeinfusion.eu\/wp-content\/uploads\/2022\/09\/Agriculture.png","articleSection":["Noticias","Octubre 2022"],"inLanguage":"es","potentialAction":[{"@type":"CommentAction","name":"Comment","target":["https:\/\/lifeinfusion.eu\/world-agriculture-day\/#respond"]}]},{"@type":"WebPage","@id":"https:\/\/lifeinfusion.eu\/world-agriculture-day\/","url":"https:\/\/lifeinfusion.eu\/world-agriculture-day\/","name":"D\u00eda Mundial de la Agricultura","isPartOf":{"@id":"https:\/\/lifeinfusion.eu\/#website"},"primaryImageOfPage":{"@id":"https:\/\/lifeinfusion.eu\/world-agriculture-day\/#primaryimage"},"image":{"@id":"https:\/\/lifeinfusion.eu\/world-agriculture-day\/#primaryimage"},"thumbnailUrl":"https:\/\/lifeinfusion.eu\/wp-content\/uploads\/2022\/09\/Agriculture.png","datePublished":"2022-09-09T06:01:00+00:00","dateModified":"2022-10-26T10:17:44+00:00","author":{"@id":"https:\/\/lifeinfusion.eu\/#\/schema\/person\/02b974af33d8f252ed55ff52b73598e3"},"description":"Hoy, 9 de septiembre, es el D\u00eda Mundial de la Agricultura. En el proyecto LIFE INFUSION queremos contribuir a una agricultura m\u00e1s sostenible.","breadcrumb":{"@id":"https:\/\/lifeinfusion.eu\/world-agriculture-day\/#breadcrumb"},"inLanguage":"es","potentialAction":[{"@type":"ReadAction","target":["https:\/\/lifeinfusion.eu\/world-agriculture-day\/"]}]},{"@type":"ImageObject","inLanguage":"es","@id":"https:\/\/lifeinfusion.eu\/world-agriculture-day\/#primaryimage","url":"https:\/\/lifeinfusion.eu\/wp-content\/uploads\/2022\/09\/Agriculture.png","contentUrl":"https:\/\/lifeinfusion.eu\/wp-content\/uploads\/2022\/09\/Agriculture.png","width":477,"height":296},{"@type":"BreadcrumbList","@id":"https:\/\/lifeinfusion.eu\/world-agriculture-day\/#breadcrumb","itemListElement":[{"@type":"ListItem","position":1,"name":"Home","item":"https:\/\/lifeinfusion.eu\/sample-page-2\/"},{"@type":"ListItem","position":2,"name":"D\u00eda Mundial de la Agricultura"}]},{"@type":"WebSite","@id":"https:\/\/lifeinfusion.eu\/#website","url":"https:\/\/lifeinfusion.eu\/","name":"Infusion","description":"Intensive treatment of waste effluents and conversion into useful sustainable outputs: biogas, nutrients and water","potentialAction":[{"@type":"SearchAction","target":{"@type":"EntryPoint","urlTemplate":"https:\/\/lifeinfusion.eu\/?s={search_term_string}"},"query-input":{"@type":"PropertyValueSpecification","valueRequired":true,"valueName":"search_term_string"}}],"inLanguage":"es"},{"@type":"Person","@id":"https:\/\/lifeinfusion.eu\/#\/schema\/person\/02b974af33d8f252ed55ff52b73598e3","name":"Carlos Albarrilla","image":{"@type":"ImageObject","inLanguage":"es","@id":"https:\/\/secure.gravatar.com\/avatar\/af7c3764dc607159978e93d8fe8ebe1db99a60ea9cd0caf6ce447d2e6b3d5e8c?s=96&d=mm&r=g","url":"https:\/\/secure.gravatar.com\/avatar\/af7c3764dc607159978e93d8fe8ebe1db99a60ea9cd0caf6ce447d2e6b3d5e8c?s=96&d=mm&r=g","contentUrl":"https:\/\/secure.gravatar.com\/avatar\/af7c3764dc607159978e93d8fe8ebe1db99a60ea9cd0caf6ce447d2e6b3d5e8c?s=96&d=mm&r=g","caption":"Carlos Albarrilla"},"url":"https:\/\/lifeinfusion.eu\/es\/author\/carlos\/"}]}},"_links":{"self":[{"href":"https:\/\/lifeinfusion.eu\/es\/wp-json\/wp\/v2\/posts\/5410","targetHints":{"allow":["GET"]}}],"collection":[{"href":"https:\/\/lifeinfusion.eu\/es\/wp-json\/wp\/v2\/posts"}],"about":[{"href":"https:\/\/lifeinfusion.eu\/es\/wp-json\/wp\/v2\/types\/post"}],"author":[{"embeddable":true,"href":"https:\/\/lifeinfusion.eu\/es\/wp-json\/wp\/v2\/users\/4"}],"replies":[{"embeddable":true,"href":"https:\/\/lifeinfusion.eu\/es\/wp-json\/wp\/v2\/comments?post=5410"}],"version-history":[{"count":15,"href":"https:\/\/lifeinfusion.eu\/es\/wp-json\/wp\/v2\/posts\/5410\/revisions"}],"predecessor-version":[{"id":5590,"href":"https:\/\/lifeinfusion.eu\/es\/wp-json\/wp\/v2\/posts\/5410\/revisions\/5590"}],"wp:featuredmedia":[{"embeddable":true,"href":"https:\/\/lifeinfusion.eu\/es\/wp-json\/wp\/v2\/media\/5418"}],"wp:attachment":[{"href":"https:\/\/lifeinfusion.eu\/es\/wp-json\/wp\/v2\/media?parent=5410"}],"wp:term":[{"taxonomy":"category","embeddable":true,"href":"https:\/\/lifeinfusion.eu\/es\/wp-json\/wp\/v2\/categories?post=5410"},{"taxonomy":"post_tag","embeddable":true,"href":"https:\/\/lifeinfusion.eu\/es\/wp-json\/wp\/v2\/tags?post=5410"}],"curies":[{"name":"wp","href":"https:\/\/api.w.org\/{rel}","templated":true}]}}